{"id":2366,"date":"2020-07-30T17:34:24","date_gmt":"2020-07-30T15:34:24","guid":{"rendered":"https:\/\/fundacioaroa.org\/maiesmassatard\/"},"modified":"2021-03-04T15:58:33","modified_gmt":"2021-03-04T14:58:33","slug":"maiesmassatard","status":"publish","type":"post","link":"https:\/\/fundacioaroa.org\/es\/maiesmassatard\/","title":{"rendered":"Nunca es demasiado tarde"},"content":{"rendered":"<p class=\"p1\">La intersecci\u00f3n de g\u00e9nero y edad expone a las mujeres mayores a doble discriminaci\u00f3n y violaci\u00f3n de los derechos humanos debido al impacto acumulado del sexismo y del edadismo. Las violencias hacia las mujeres mayores son un problema social espec\u00edfico y de g\u00e9nero en todo el mundo y el alcance y la prevalencia de estas violencias es enormemente alta en Europa. En Espa\u00f1a, el 12,5% de los feminicidios son mujeres mayores de 60 a\u00f1os y <a href=\"https:\/\/violenciagenero.igualdad.gob.es\/violenciaEnCifras\/estudios\/investigaciones\/2019\/pdfs\/Estudio_VG_Mayores_65.pdf\">un informe reciente<\/a> revela que el 40% de las mujeres en situaci\u00f3n abusiva han sufrido violencia desde hace m\u00e1s de 40 a\u00f1os; y el 27%, entre 20 y 30 a\u00f1os. Adem\u00e1s, el 56% afirma haber mantenido relaciones sexuales contra su voluntad por miedo al abusador y 7 de cada 10 han sufrido violencia econ\u00f3mica.<\/p>\n<p class=\"p1\">En este contexto y desde nuestra experiencia directa proporcionando apoyo a mujeres mayores, lanzamos la campa\u00f1a #Mai\u00c9sMassaTard (Nunca es demasiado tarde) con el objetivo de visibilizar las violencias machistas hacia las mujeres mayores, mostrar la falta de compromiso social para afrontarla y servir como motor de conciencia para los que toman decisiones, la ciudadan\u00eda en general y las mujeres que han sido o est\u00e1n pasando por una situaci\u00f3n similar a partir de la voz y la experiencia de 3 mujeres que han sido acompa\u00f1adas en nuestro programa de asesoramiento. La campa\u00f1a afirma \u00abNunca es demasiado tarde\u00bb porque el derecho de las mujeres a vivir una vida libre de violencia no disminuye con la edad.<\/p>\n<p class=\"p1\">La campa\u00f1a incluye 4 v\u00eddeos, 1 spot principal y 3 historias personales y tambi\u00e9n est\u00e1 disponible en subt\u00edtulos en catal\u00e1n e ingl\u00e9s a los mismos canales. Puede ver todos los v\u00eddeos en nuestra lista de YouTube: <a href=\"https:\/\/www.youtube.com\/playlist?list=PL0YHXmWnRFRX--LOEyPdFAORk6ls2spVB\">https:\/\/www.youtube.com\/playlist?list=PL0YHXmWnRFRX&#8211;LOEyPdFAORk6ls2spVB<\/a><\/p>\n","protected":false},"excerpt":{"rendered":"<p>La intersecci\u00f3n de g\u00e9nero y edad expone a las mujeres mayores a doble discriminaci\u00f3n y violaci\u00f3n de los derechos humanos debido al impacto acumulado del sexismo y del edadismo. Las violencias hacia las mujeres mayores son un problema social espec\u00edfico y de g\u00e9nero en todo&#8230;<\/p>\n","protected":false},"author":3,"featured_media":1804,"comment_status":"open","ping_status":"closed","sticky":false,"template":"","format":"standard","meta":{"footnotes":""},"categories":[7],"tags":[],"class_list":["post-2366","post","type-post","status-publish","format-standard","has-post-thumbnail","hentry","category-actualidad"],"yoast_head":"<!-- This site is optimized with the Yoast SEO plugin v27.4 - https:\/\/yoast.com\/product\/yoast-seo-wordpress\/ -->\n<title>Nunca es demasiado tarde - Actualitat Fundaci\u00f3 Aroa<\/title>\n<meta name=\"robots\" content=\"index, follow, max-snippet:-1, max-image-preview:large, max-video-preview:-1\" \/>\n<link rel=\"canonical\" href=\"https:\/\/fundacioaroa.org\/es\/maiesmassatard\/\" \/>\n<meta property=\"og:locale\" content=\"es_ES\" \/>\n<meta property=\"og:type\" content=\"article\" \/>\n<meta property=\"og:title\" content=\"Nunca es demasiado tarde - Actualitat Fundaci\u00f3 Aroa\" \/>\n<meta property=\"og:description\" content=\"La intersecci\u00f3n de g\u00e9nero y edad expone a las mujeres mayores a doble discriminaci\u00f3n y violaci\u00f3n de los derechos humanos debido al impacto acumulado del sexismo y del edadismo. Las violencias hacia las mujeres mayores son un problema social espec\u00edfico y de g\u00e9nero en todo...\" \/>\n<meta property=\"og:url\" content=\"https:\/\/fundacioaroa.org\/es\/maiesmassatard\/\" \/>\n<meta property=\"og:site_name\" content=\"Fundaci\u00f3 Aroa\" \/>\n<meta property=\"article:publisher\" content=\"https:\/\/www.facebook.com\/fundacioaroa\/\" \/>\n<meta property=\"article:published_time\" content=\"2020-07-30T15:34:24+00:00\" \/>\n<meta property=\"article:modified_time\" content=\"2021-03-04T14:58:33+00:00\" \/>\n<meta property=\"og:image\" content=\"https:\/\/fundacioaroa.org\/wp-content\/uploads\/2020\/07\/80553713_2787585641303156_2366709352997322752_o.jpg\" \/>\n\t<meta property=\"og:image:width\" content=\"1680\" \/>\n\t<meta property=\"og:image:height\" content=\"1120\" \/>\n\t<meta property=\"og:image:type\" content=\"image\/jpeg\" \/>\n<meta name=\"author\" content=\"Comunicaci\u00f3 Aroa\" \/>\n<meta name=\"twitter:card\" content=\"summary_large_image\" \/>\n<meta name=\"twitter:creator\" content=\"@fundacioaroa\" \/>\n<meta name=\"twitter:site\" content=\"@fundacioaroa\" \/>\n<meta name=\"twitter:label1\" content=\"Escrito por\" \/>\n\t<meta name=\"twitter:data1\" content=\"Comunicaci\u00f3 Aroa\" \/>\n\t<meta name=\"twitter:label2\" content=\"Tiempo de lectura\" \/>\n\t<meta name=\"twitter:data2\" content=\"2 minutos\" \/>\n<script type=\"application\/ld+json\" class=\"yoast-schema-graph\">{\"@context\":\"https:\\\/\\\/schema.org\",\"@graph\":[{\"@type\":\"Article\",\"@id\":\"https:\\\/\\\/fundacioaroa.org\\\/es\\\/maiesmassatard\\\/#article\",\"isPartOf\":{\"@id\":\"https:\\\/\\\/fundacioaroa.org\\\/es\\\/maiesmassatard\\\/\"},\"author\":{\"name\":\"Comunicaci\u00f3 Aroa\",\"@id\":\"https:\\\/\\\/fundacioaroa.org\\\/#\\\/schema\\\/person\\\/870fbed441aa0457fa5f27106ca2fbed\"},\"headline\":\"Nunca es demasiado tarde\",\"datePublished\":\"2020-07-30T15:34:24+00:00\",\"dateModified\":\"2021-03-04T14:58:33+00:00\",\"mainEntityOfPage\":{\"@id\":\"https:\\\/\\\/fundacioaroa.org\\\/es\\\/maiesmassatard\\\/\"},\"wordCount\":307,\"commentCount\":0,\"publisher\":{\"@id\":\"https:\\\/\\\/fundacioaroa.org\\\/#organization\"},\"image\":{\"@id\":\"https:\\\/\\\/fundacioaroa.org\\\/es\\\/maiesmassatard\\\/#primaryimage\"},\"thumbnailUrl\":\"https:\\\/\\\/fundacioaroa.org\\\/wp-content\\\/uploads\\\/2020\\\/07\\\/80553713_2787585641303156_2366709352997322752_o.jpg\",\"articleSection\":[\"Actualidad\"],\"inLanguage\":\"es\",\"potentialAction\":[{\"@type\":\"CommentAction\",\"name\":\"Comment\",\"target\":[\"https:\\\/\\\/fundacioaroa.org\\\/es\\\/maiesmassatard\\\/#respond\"]}]},{\"@type\":\"WebPage\",\"@id\":\"https:\\\/\\\/fundacioaroa.org\\\/es\\\/maiesmassatard\\\/\",\"url\":\"https:\\\/\\\/fundacioaroa.org\\\/es\\\/maiesmassatard\\\/\",\"name\":\"Nunca es demasiado tarde - Actualitat Fundaci\u00f3 Aroa\",\"isPartOf\":{\"@id\":\"https:\\\/\\\/fundacioaroa.org\\\/#website\"},\"primaryImageOfPage\":{\"@id\":\"https:\\\/\\\/fundacioaroa.org\\\/es\\\/maiesmassatard\\\/#primaryimage\"},\"image\":{\"@id\":\"https:\\\/\\\/fundacioaroa.org\\\/es\\\/maiesmassatard\\\/#primaryimage\"},\"thumbnailUrl\":\"https:\\\/\\\/fundacioaroa.org\\\/wp-content\\\/uploads\\\/2020\\\/07\\\/80553713_2787585641303156_2366709352997322752_o.jpg\",\"datePublished\":\"2020-07-30T15:34:24+00:00\",\"dateModified\":\"2021-03-04T14:58:33+00:00\",\"breadcrumb\":{\"@id\":\"https:\\\/\\\/fundacioaroa.org\\\/es\\\/maiesmassatard\\\/#breadcrumb\"},\"inLanguage\":\"es\",\"potentialAction\":[{\"@type\":\"ReadAction\",\"target\":[\"https:\\\/\\\/fundacioaroa.org\\\/es\\\/maiesmassatard\\\/\"]}]},{\"@type\":\"ImageObject\",\"inLanguage\":\"es\",\"@id\":\"https:\\\/\\\/fundacioaroa.org\\\/es\\\/maiesmassatard\\\/#primaryimage\",\"url\":\"https:\\\/\\\/fundacioaroa.org\\\/wp-content\\\/uploads\\\/2020\\\/07\\\/80553713_2787585641303156_2366709352997322752_o.jpg\",\"contentUrl\":\"https:\\\/\\\/fundacioaroa.org\\\/wp-content\\\/uploads\\\/2020\\\/07\\\/80553713_2787585641303156_2366709352997322752_o.jpg\",\"width\":1680,\"height\":1120,\"caption\":\"Mai \u00e9s massa tard Anna\"},{\"@type\":\"BreadcrumbList\",\"@id\":\"https:\\\/\\\/fundacioaroa.org\\\/es\\\/maiesmassatard\\\/#breadcrumb\",\"itemListElement\":[{\"@type\":\"ListItem\",\"position\":1,\"name\":\"Inici\",\"item\":\"https:\\\/\\\/fundacioaroa.org\\\/es\\\/\"},{\"@type\":\"ListItem\",\"position\":2,\"name\":\"Nunca es demasiado tarde\"}]},{\"@type\":\"WebSite\",\"@id\":\"https:\\\/\\\/fundacioaroa.org\\\/#website\",\"url\":\"https:\\\/\\\/fundacioaroa.org\\\/\",\"name\":\"Fundaci\u00f3 Aroa\",\"description\":\"Transformaci\u00f3 personal i col\u00b7lectiva\",\"publisher\":{\"@id\":\"https:\\\/\\\/fundacioaroa.org\\\/#organization\"},\"potentialAction\":[{\"@type\":\"SearchAction\",\"target\":{\"@type\":\"EntryPoint\",\"urlTemplate\":\"https:\\\/\\\/fundacioaroa.org\\\/?s={search_term_string}\"},\"query-input\":{\"@type\":\"PropertyValueSpecification\",\"valueRequired\":true,\"valueName\":\"search_term_string\"}}],\"inLanguage\":\"es\"},{\"@type\":\"Organization\",\"@id\":\"https:\\\/\\\/fundacioaroa.org\\\/#organization\",\"name\":\"Fundaci\u00f3 Aroa\",\"url\":\"https:\\\/\\\/fundacioaroa.org\\\/\",\"logo\":{\"@type\":\"ImageObject\",\"inLanguage\":\"es\",\"@id\":\"https:\\\/\\\/fundacioaroa.org\\\/#\\\/schema\\\/logo\\\/image\\\/\",\"url\":\"https:\\\/\\\/fundacioaroa.org\\\/wp-content\\\/uploads\\\/2019\\\/03\\\/logo-aroa-tagline.png\",\"contentUrl\":\"https:\\\/\\\/fundacioaroa.org\\\/wp-content\\\/uploads\\\/2019\\\/03\\\/logo-aroa-tagline.png\",\"width\":1090,\"height\":500,\"caption\":\"Fundaci\u00f3 Aroa\"},\"image\":{\"@id\":\"https:\\\/\\\/fundacioaroa.org\\\/#\\\/schema\\\/logo\\\/image\\\/\"},\"sameAs\":[\"https:\\\/\\\/www.facebook.com\\\/fundacioaroa\\\/\",\"https:\\\/\\\/x.com\\\/fundacioaroa\",\"https:\\\/\\\/www.instagram.com\\\/fundacioaroa\\\/\",\"https:\\\/\\\/www.linkedin.com\\\/company\\\/fundacio-aroa\\\/\"]},{\"@type\":\"Person\",\"@id\":\"https:\\\/\\\/fundacioaroa.org\\\/#\\\/schema\\\/person\\\/870fbed441aa0457fa5f27106ca2fbed\",\"name\":\"Comunicaci\u00f3 Aroa\",\"image\":{\"@type\":\"ImageObject\",\"inLanguage\":\"es\",\"@id\":\"https:\\\/\\\/secure.gravatar.com\\\/avatar\\\/f481147d6c48ac409323e52a4463bbb553b2fcaec735dcbde8ca9498a2f66163?s=96&d=mm&r=g\",\"url\":\"https:\\\/\\\/secure.gravatar.com\\\/avatar\\\/f481147d6c48ac409323e52a4463bbb553b2fcaec735dcbde8ca9498a2f66163?s=96&d=mm&r=g\",\"contentUrl\":\"https:\\\/\\\/secure.gravatar.com\\\/avatar\\\/f481147d6c48ac409323e52a4463bbb553b2fcaec735dcbde8ca9498a2f66163?s=96&d=mm&r=g\",\"caption\":\"Comunicaci\u00f3 Aroa\"}}]}<\/script>\n<!-- \/ Yoast SEO plugin. -->","yoast_head_json":{"title":"Nunca es demasiado tarde - Actualitat Fundaci\u00f3 Aroa","robots":{"index":"index","follow":"follow","max-snippet":"max-snippet:-1","max-image-preview":"max-image-preview:large","max-video-preview":"max-video-preview:-1"},"canonical":"https:\/\/fundacioaroa.org\/es\/maiesmassatard\/","og_locale":"es_ES","og_type":"article","og_title":"Nunca es demasiado tarde - Actualitat Fundaci\u00f3 Aroa","og_description":"La intersecci\u00f3n de g\u00e9nero y edad expone a las mujeres mayores a doble discriminaci\u00f3n y violaci\u00f3n de los derechos humanos debido al impacto acumulado del sexismo y del edadismo. Las violencias hacia las mujeres mayores son un problema social espec\u00edfico y de g\u00e9nero en todo...","og_url":"https:\/\/fundacioaroa.org\/es\/maiesmassatard\/","og_site_name":"Fundaci\u00f3 Aroa","article_publisher":"https:\/\/www.facebook.com\/fundacioaroa\/","article_published_time":"2020-07-30T15:34:24+00:00","article_modified_time":"2021-03-04T14:58:33+00:00","og_image":[{"width":1680,"height":1120,"url":"https:\/\/fundacioaroa.org\/wp-content\/uploads\/2020\/07\/80553713_2787585641303156_2366709352997322752_o.jpg","type":"image\/jpeg"}],"author":"Comunicaci\u00f3 Aroa","twitter_card":"summary_large_image","twitter_creator":"@fundacioaroa","twitter_site":"@fundacioaroa","twitter_misc":{"Escrito por":"Comunicaci\u00f3 Aroa","Tiempo de lectura":"2 minutos"},"schema":{"@context":"https:\/\/schema.org","@graph":[{"@type":"Article","@id":"https:\/\/fundacioaroa.org\/es\/maiesmassatard\/#article","isPartOf":{"@id":"https:\/\/fundacioaroa.org\/es\/maiesmassatard\/"},"author":{"name":"Comunicaci\u00f3 Aroa","@id":"https:\/\/fundacioaroa.org\/#\/schema\/person\/870fbed441aa0457fa5f27106ca2fbed"},"headline":"Nunca es demasiado tarde","datePublished":"2020-07-30T15:34:24+00:00","dateModified":"2021-03-04T14:58:33+00:00","mainEntityOfPage":{"@id":"https:\/\/fundacioaroa.org\/es\/maiesmassatard\/"},"wordCount":307,"commentCount":0,"publisher":{"@id":"https:\/\/fundacioaroa.org\/#organization"},"image":{"@id":"https:\/\/fundacioaroa.org\/es\/maiesmassatard\/#primaryimage"},"thumbnailUrl":"https:\/\/fundacioaroa.org\/wp-content\/uploads\/2020\/07\/80553713_2787585641303156_2366709352997322752_o.jpg","articleSection":["Actualidad"],"inLanguage":"es","potentialAction":[{"@type":"CommentAction","name":"Comment","target":["https:\/\/fundacioaroa.org\/es\/maiesmassatard\/#respond"]}]},{"@type":"WebPage","@id":"https:\/\/fundacioaroa.org\/es\/maiesmassatard\/","url":"https:\/\/fundacioaroa.org\/es\/maiesmassatard\/","name":"Nunca es demasiado tarde - Actualitat Fundaci\u00f3 Aroa","isPartOf":{"@id":"https:\/\/fundacioaroa.org\/#website"},"primaryImageOfPage":{"@id":"https:\/\/fundacioaroa.org\/es\/maiesmassatard\/#primaryimage"},"image":{"@id":"https:\/\/fundacioaroa.org\/es\/maiesmassatard\/#primaryimage"},"thumbnailUrl":"https:\/\/fundacioaroa.org\/wp-content\/uploads\/2020\/07\/80553713_2787585641303156_2366709352997322752_o.jpg","datePublished":"2020-07-30T15:34:24+00:00","dateModified":"2021-03-04T14:58:33+00:00","breadcrumb":{"@id":"https:\/\/fundacioaroa.org\/es\/maiesmassatard\/#breadcrumb"},"inLanguage":"es","potentialAction":[{"@type":"ReadAction","target":["https:\/\/fundacioaroa.org\/es\/maiesmassatard\/"]}]},{"@type":"ImageObject","inLanguage":"es","@id":"https:\/\/fundacioaroa.org\/es\/maiesmassatard\/#primaryimage","url":"https:\/\/fundacioaroa.org\/wp-content\/uploads\/2020\/07\/80553713_2787585641303156_2366709352997322752_o.jpg","contentUrl":"https:\/\/fundacioaroa.org\/wp-content\/uploads\/2020\/07\/80553713_2787585641303156_2366709352997322752_o.jpg","width":1680,"height":1120,"caption":"Mai \u00e9s massa tard Anna"},{"@type":"BreadcrumbList","@id":"https:\/\/fundacioaroa.org\/es\/maiesmassatard\/#breadcrumb","itemListElement":[{"@type":"ListItem","position":1,"name":"Inici","item":"https:\/\/fundacioaroa.org\/es\/"},{"@type":"ListItem","position":2,"name":"Nunca es demasiado tarde"}]},{"@type":"WebSite","@id":"https:\/\/fundacioaroa.org\/#website","url":"https:\/\/fundacioaroa.org\/","name":"Fundaci\u00f3 Aroa","description":"Transformaci\u00f3 personal i col\u00b7lectiva","publisher":{"@id":"https:\/\/fundacioaroa.org\/#organization"},"potentialAction":[{"@type":"SearchAction","target":{"@type":"EntryPoint","urlTemplate":"https:\/\/fundacioaroa.org\/?s={search_term_string}"},"query-input":{"@type":"PropertyValueSpecification","valueRequired":true,"valueName":"search_term_string"}}],"inLanguage":"es"},{"@type":"Organization","@id":"https:\/\/fundacioaroa.org\/#organization","name":"Fundaci\u00f3 Aroa","url":"https:\/\/fundacioaroa.org\/","logo":{"@type":"ImageObject","inLanguage":"es","@id":"https:\/\/fundacioaroa.org\/#\/schema\/logo\/image\/","url":"https:\/\/fundacioaroa.org\/wp-content\/uploads\/2019\/03\/logo-aroa-tagline.png","contentUrl":"https:\/\/fundacioaroa.org\/wp-content\/uploads\/2019\/03\/logo-aroa-tagline.png","width":1090,"height":500,"caption":"Fundaci\u00f3 Aroa"},"image":{"@id":"https:\/\/fundacioaroa.org\/#\/schema\/logo\/image\/"},"sameAs":["https:\/\/www.facebook.com\/fundacioaroa\/","https:\/\/x.com\/fundacioaroa","https:\/\/www.instagram.com\/fundacioaroa\/","https:\/\/www.linkedin.com\/company\/fundacio-aroa\/"]},{"@type":"Person","@id":"https:\/\/fundacioaroa.org\/#\/schema\/person\/870fbed441aa0457fa5f27106ca2fbed","name":"Comunicaci\u00f3 Aroa","image":{"@type":"ImageObject","inLanguage":"es","@id":"https:\/\/secure.gravatar.com\/avatar\/f481147d6c48ac409323e52a4463bbb553b2fcaec735dcbde8ca9498a2f66163?s=96&d=mm&r=g","url":"https:\/\/secure.gravatar.com\/avatar\/f481147d6c48ac409323e52a4463bbb553b2fcaec735dcbde8ca9498a2f66163?s=96&d=mm&r=g","contentUrl":"https:\/\/secure.gravatar.com\/avatar\/f481147d6c48ac409323e52a4463bbb553b2fcaec735dcbde8ca9498a2f66163?s=96&d=mm&r=g","caption":"Comunicaci\u00f3 Aroa"}}]}},"_links":{"self":[{"href":"https:\/\/fundacioaroa.org\/es\/wp-json\/wp\/v2\/posts\/2366","targetHints":{"allow":["GET"]}}],"collection":[{"href":"https:\/\/fundacioaroa.org\/es\/wp-json\/wp\/v2\/posts"}],"about":[{"href":"https:\/\/fundacioaroa.org\/es\/wp-json\/wp\/v2\/types\/post"}],"author":[{"embeddable":true,"href":"https:\/\/fundacioaroa.org\/es\/wp-json\/wp\/v2\/users\/3"}],"replies":[{"embeddable":true,"href":"https:\/\/fundacioaroa.org\/es\/wp-json\/wp\/v2\/comments?post=2366"}],"version-history":[{"count":0,"href":"https:\/\/fundacioaroa.org\/es\/wp-json\/wp\/v2\/posts\/2366\/revisions"}],"wp:featuredmedia":[{"embeddable":true,"href":"https:\/\/fundacioaroa.org\/es\/wp-json\/wp\/v2\/media\/1804"}],"wp:attachment":[{"href":"https:\/\/fundacioaroa.org\/es\/wp-json\/wp\/v2\/media?parent=2366"}],"wp:term":[{"taxonomy":"category","embeddable":true,"href":"https:\/\/fundacioaroa.org\/es\/wp-json\/wp\/v2\/categories?post=2366"},{"taxonomy":"post_tag","embeddable":true,"href":"https:\/\/fundacioaroa.org\/es\/wp-json\/wp\/v2\/tags?post=2366"}],"curies":[{"name":"wp","href":"https:\/\/api.w.org\/{rel}","templated":true}]}}